{"id":36,"date":"2012-05-04T15:51:51","date_gmt":"2012-05-04T18:51:51","guid":{"rendered":"http:\/\/primogenito.com.br\/br\/?p=36"},"modified":"2015-04-01T12:16:58","modified_gmt":"2015-04-01T15:16:58","slug":"confirmado-pelo-ultrasom","status":"publish","type":"post","link":"https:\/\/www.primogenito.com.br\/br\/2012\/05\/confirmado-pelo-ultrasom\/","title":{"rendered":"Confirmado pelo Ultrasom"},"content":{"rendered":"<p>Ontem como informado em outro post, fomos fazer o ultrasom para confirmar a gesta\u00e7\u00e3o.<br \/>\nMuito legal, t\u00e1 l\u00e1.. com 7mm (um feij\u00e3o, rs) com aproximadamente 5 semanas de gesta\u00e7\u00e3o, n\u00e3o deu para ouvir o cora\u00e7\u00e3o pois \u00e9 pequeno demais, somente daqui a 20 dias o m\u00e9dico pediu para retornar e fazer novamente para assim ouvir o cora\u00e7\u00e3ozinho&#8230;<\/p>\n<p>Veja tamb\u00e9m imagens do ultrasom<br \/>\n<a href=\"http:\/\/primogenito.com.br\/br\/2012\/05\/confirmado-pelo-ultrasom\/attachment\/001\/\" rel=\"attachment wp-att-37\"><img decoding=\"async\" loading=\"lazy\" class=\"alignnone size-medium wp-image-37\" title=\"001\" src=\"http:\/\/primogenito.com.br\/br\/wp-content\/uploads\/2012\/05\/0011-590x442.jpg\" alt=\"\" width=\"590\" height=\"442\" srcset=\"https:\/\/www.primogenito.com.br\/br\/wp-content\/uploads\/2012\/05\/0011-590x442.jpg 590w, https:\/\/www.primogenito.com.br\/br\/wp-content\/uploads\/2012\/05\/0011.jpg 732w\" sizes=\"(max-width: 590px) 100vw, 590px\" \/><\/a><\/p>\n<p><a href=\"http:\/\/primogenito.com.br\/br\/2012\/05\/confirmado-pelo-ultrasom\/attachment\/002\/\" rel=\"attachment wp-att-38\"><img decoding=\"async\" loading=\"lazy\" class=\"alignnone size-medium wp-image-38\" title=\"002\" src=\"http:\/\/primogenito.com.br\/br\/wp-content\/uploads\/2012\/05\/0021-590x440.jpg\" alt=\"\" width=\"590\" height=\"440\" srcset=\"https:\/\/www.primogenito.com.br\/br\/wp-content\/uploads\/2012\/05\/0021-590x440.jpg 590w, https:\/\/www.primogenito.com.br\/br\/wp-content\/uploads\/2012\/05\/0021.jpg 732w\" sizes=\"(max-width: 590px) 100vw, 590px\" \/><\/a><\/p>\n","protected":false},"excerpt":{"rendered":"<p>Ontem como informado em outro post, fomos fazer o ultrasom para confirmar a gesta\u00e7\u00e3o. Muito legal, t\u00e1 l\u00e1.. com 7mm (um feij\u00e3o, rs) com aproximadamente 5 semanas de gesta\u00e7\u00e3o, n\u00e3o<\/p>\n","protected":false},"author":1,"featured_media":0,"comment_status":"closed","ping_status":"open","sticky":false,"template":"","format":"standard","meta":{"footnotes":""},"categories":[1,3],"tags":[],"_links":{"self":[{"href":"https:\/\/www.primogenito.com.br\/br\/wp-json\/wp\/v2\/posts\/36"}],"collection":[{"href":"https:\/\/www.primogenito.com.br\/br\/wp-json\/wp\/v2\/posts"}],"about":[{"href":"https:\/\/www.primogenito.com.br\/br\/wp-json\/wp\/v2\/types\/post"}],"author":[{"embeddable":true,"href":"https:\/\/www.primogenito.com.br\/br\/wp-json\/wp\/v2\/users\/1"}],"replies":[{"embeddable":true,"href":"https:\/\/www.primogenito.com.br\/br\/wp-json\/wp\/v2\/comments?post=36"}],"version-history":[{"count":3,"href":"https:\/\/www.primogenito.com.br\/br\/wp-json\/wp\/v2\/posts\/36\/revisions"}],"predecessor-version":[{"id":384,"href":"https:\/\/www.primogenito.com.br\/br\/wp-json\/wp\/v2\/posts\/36\/revisions\/384"}],"wp:attachment":[{"href":"https:\/\/www.primogenito.com.br\/br\/wp-json\/wp\/v2\/media?parent=36"}],"wp:term":[{"taxonomy":"category","embeddable":true,"href":"https:\/\/www.primogenito.com.br\/br\/wp-json\/wp\/v2\/categories?post=36"},{"taxonomy":"post_tag","embeddable":true,"href":"https:\/\/www.primogenito.com.br\/br\/wp-json\/wp\/v2\/tags?post=36"}],"curies":[{"name":"wp","href":"https:\/\/api.w.org\/{rel}","templated":true}]}}