{"id":311,"date":"2014-03-16T18:00:24","date_gmt":"2014-03-16T21:00:24","guid":{"rendered":"http:\/\/www.primogenito.com.br\/br\/?p=311"},"modified":"2015-04-01T12:12:07","modified_gmt":"2015-04-01T15:12:07","slug":"curtindo-sempre","status":"publish","type":"post","link":"https:\/\/www.primogenito.com.br\/br\/2014\/03\/curtindo-sempre\/","title":{"rendered":"Curtindo sempre"},"content":{"rendered":"<p>Faz tempo que n\u00e3o postamos no blog, n\u00e9 pessoal, isso \u00e9 um \u00f3timo sinal, esta tudo bem.<\/p>\n<p>Neste ano passamos muito tempo fora, viajando com a fam\u00edlia e curtindo muito.<\/p>\n<p>Fomos para a casa dos av\u00f3s na Praia Grande algumas vezes para visita-los e brincar com os primos, e tamb\u00e9m fomos conhecer o s\u00edtio da tia Tati em Erv\u00e1lia &#8211; Minas Gerais, foram nove horas de estrada para chegar at\u00e9 l\u00e1, passamos cinco dias de pura divers\u00e3o, os papais n\u00e3o conseguiram descansar porque eu n\u00e3o deixei, kkkkk.<\/p>\n<p>No \u00faltimo dia da viagem em Minas fiquei com febre e quando cheguei em casa meus pais descobriram que era por causa dos novos dentes que estavam nascendo.<\/p>\n<p>Estou andando muito, caindo tamb\u00e9m, de vez em quando fico com alguns calos das pancadas que dou, mas estou \u00f3timo.<\/p>\n<p>Tomei minha \u00faltima vacina que doeu muito, ainda bem que agora somente com quatro anos.<\/p>\n<p>Passei em consulta com a pediatra, vi a fotinho da filha dela, linda hem, enfim, voltando para a consulta, ela disse que estou \u00f3timo.<\/p>\n<p>No ber\u00e7o n\u00e3o estou querendo mais dormir, pois quando durmo acabo prendendo o p\u00e9 nas grades, ent\u00e3o meus pais resolveram desmontar o ber\u00e7o e montar uma cama japonesa no meu quarto, ficou muito bom, agora durmo gostosinho.<\/p>\n<p>Bom, \u00e9 isso ae, agora \u00e9 curtir bastante todos os dias comendo pipoca e biscoito de polvilho que gosto demais.<\/p>\n<p>Abra\u00e7os e em breve p\u00fablico mais informa\u00e7\u00f5es.<\/p>\n","protected":false},"excerpt":{"rendered":"<p>Faz tempo que n\u00e3o postamos no blog, n\u00e9 pessoal, isso \u00e9 um \u00f3timo sinal, esta tudo bem. Neste ano passamos muito tempo fora, viajando com a fam\u00edlia e curtindo muito.<\/p>\n","protected":false},"author":1,"featured_media":0,"comment_status":"closed","ping_status":"open","sticky":false,"template":"","format":"standard","meta":{"footnotes":""},"categories":[1],"tags":[],"_links":{"self":[{"href":"https:\/\/www.primogenito.com.br\/br\/wp-json\/wp\/v2\/posts\/311"}],"collection":[{"href":"https:\/\/www.primogenito.com.br\/br\/wp-json\/wp\/v2\/posts"}],"about":[{"href":"https:\/\/www.primogenito.com.br\/br\/wp-json\/wp\/v2\/types\/post"}],"author":[{"embeddable":true,"href":"https:\/\/www.primogenito.com.br\/br\/wp-json\/wp\/v2\/users\/1"}],"replies":[{"embeddable":true,"href":"https:\/\/www.primogenito.com.br\/br\/wp-json\/wp\/v2\/comments?post=311"}],"version-history":[{"count":1,"href":"https:\/\/www.primogenito.com.br\/br\/wp-json\/wp\/v2\/posts\/311\/revisions"}],"predecessor-version":[{"id":312,"href":"https:\/\/www.primogenito.com.br\/br\/wp-json\/wp\/v2\/posts\/311\/revisions\/312"}],"wp:attachment":[{"href":"https:\/\/www.primogenito.com.br\/br\/wp-json\/wp\/v2\/media?parent=311"}],"wp:term":[{"taxonomy":"category","embeddable":true,"href":"https:\/\/www.primogenito.com.br\/br\/wp-json\/wp\/v2\/categories?post=311"},{"taxonomy":"post_tag","embeddable":true,"href":"https:\/\/www.primogenito.com.br\/br\/wp-json\/wp\/v2\/tags?post=311"}],"curies":[{"name":"wp","href":"https:\/\/api.w.org\/{rel}","templated":true}]}}