{"id":151,"date":"2012-10-02T19:34:04","date_gmt":"2012-10-02T22:34:04","guid":{"rendered":"http:\/\/www.primogenito.com.br\/br\/?p=151"},"modified":"2015-04-01T12:15:20","modified_gmt":"2015-04-01T15:15:20","slug":"as-consultas-dessas-ultimas-semanas","status":"publish","type":"post","link":"https:\/\/www.primogenito.com.br\/br\/2012\/10\/as-consultas-dessas-ultimas-semanas\/","title":{"rendered":"As consultas dessas ultimas semanas&#8230;"},"content":{"rendered":"<p>Na semana passada, mais precisamente dia 25 na consulta de rotina do pre natal a minha press\u00e3o estava alta, ent\u00e3o tive que observar durante a semana e voltei ao hospital hoje&#8230;a press\u00e3o esta normal, os exames tamb\u00e9m, a anemia\u00a0j\u00e1\u00a0melhorou bastante e comecei a ganhar muito peso ultimamente&#8230;\u00a0s\u00f3\u00a0de pensar em comer algo&#8230;\u00a0j\u00e1\u00a0engordei&#8230;a barriga n\u00e3o pare de crescer&#8230;.os meus\u00a0p\u00e9s\u00a0est\u00e3o parecendo\u00a0bexigas&#8230;cheias&#8230;<\/p>\n<p>O\u00a0rem\u00e9dio\u00a0do\u00a0transplante:\u00a0ciclosporina,estava com a dosagem baixa e aumentou 25mg em cada\u00a0hor\u00e1rio\u00a0que tomo, agora a dosagem\u00a0j\u00e1\u00a0esta boa.<\/p>\n<p>A Doutora pediu para que eu pare um pouco&#8230;diminua meu ritmo, para melhorar o\u00a0incha\u00e7o, manter a press\u00e3o controlada e acalmar um pouco o nen\u00e9m que nos\u00a0\u00faltimos\u00a0dias, as vezes ele vira uma bolinha&#8230;a barriga endurece e\u00a0incomoda\u00a0bastante&#8230;\u00e9 uma sensa\u00e7\u00e3o mega estranha.<\/p>\n<p>Mais esta tudo bem, agora tamb\u00e9m\u00a0comecei\u00a0a passar no grupo &#8220;vitalidade fetal&#8221; que verifica o fluxo da placenta e outras coisas mais&#8230;se esta tudo\u00a0certo\u00a0e passando o que \u00e9\u00a0necess\u00e1rio\u00a0para o beb\u00ea&#8230;algo assim&#8230;<\/p>\n<p>S\u00f3 retorno em 3 semanas, mais tem um\u00a0ultrassom\u00a0na quinta&#8230;.depois passo as novidades do\u00a0ultrassom&#8230;.o tamanho que o Isaac\u00a0j\u00e1\u00a0esta e outras noticias&#8230;<\/p>\n<p>Ate mais!!!<\/p>\n","protected":false},"excerpt":{"rendered":"<p>Na semana passada, mais precisamente dia 25 na consulta de rotina do pre natal a minha press\u00e3o estava alta, ent\u00e3o tive que observar durante a semana e voltei ao hospital<\/p>\n","protected":false},"author":2,"featured_media":0,"comment_status":"closed","ping_status":"open","sticky":false,"template":"","format":"standard","meta":{"footnotes":""},"categories":[4],"tags":[],"_links":{"self":[{"href":"https:\/\/www.primogenito.com.br\/br\/wp-json\/wp\/v2\/posts\/151"}],"collection":[{"href":"https:\/\/www.primogenito.com.br\/br\/wp-json\/wp\/v2\/posts"}],"about":[{"href":"https:\/\/www.primogenito.com.br\/br\/wp-json\/wp\/v2\/types\/post"}],"author":[{"embeddable":true,"href":"https:\/\/www.primogenito.com.br\/br\/wp-json\/wp\/v2\/users\/2"}],"replies":[{"embeddable":true,"href":"https:\/\/www.primogenito.com.br\/br\/wp-json\/wp\/v2\/comments?post=151"}],"version-history":[{"count":2,"href":"https:\/\/www.primogenito.com.br\/br\/wp-json\/wp\/v2\/posts\/151\/revisions"}],"predecessor-version":[{"id":368,"href":"https:\/\/www.primogenito.com.br\/br\/wp-json\/wp\/v2\/posts\/151\/revisions\/368"}],"wp:attachment":[{"href":"https:\/\/www.primogenito.com.br\/br\/wp-json\/wp\/v2\/media?parent=151"}],"wp:term":[{"taxonomy":"category","embeddable":true,"href":"https:\/\/www.primogenito.com.br\/br\/wp-json\/wp\/v2\/categories?post=151"},{"taxonomy":"post_tag","embeddable":true,"href":"https:\/\/www.primogenito.com.br\/br\/wp-json\/wp\/v2\/tags?post=151"}],"curies":[{"name":"wp","href":"https:\/\/api.w.org\/{rel}","templated":true}]}}