{"id":243,"date":"2013-01-22T07:32:01","date_gmt":"2013-01-22T10:32:01","guid":{"rendered":"http:\/\/www.primogenito.com.br\/br\/?p=243"},"modified":"2015-04-01T12:13:25","modified_gmt":"2015-04-01T15:13:25","slug":"apresentacao-do-isaac","status":"publish","type":"post","link":"http:\/\/www.primogenito.com.br\/br\/2013\/01\/apresentacao-do-isaac\/","title":{"rendered":"Apresenta\u00e7\u00e3o do Isaac"},"content":{"rendered":"<p><a href=\"http:\/\/www.primogenito.com.br\/br\/wp-content\/uploads\/2013\/01\/wpid-20130120_203856.jpg\"><img decoding=\"async\" title=\"20130120_203856.jpg\" class=\"alignnone\" alt=\"image\" src=\"http:\/\/www.primogenito.com.br\/br\/wp-content\/uploads\/2013\/01\/wpid-20130120_203856.jpg\" \/><\/a><\/p>\n<p>Neste \u00faltimo domingo (20\/01\/13) foi muito especial, fomos ao culto das 19h para apresentarmos o nosso amado filho. <\/p>\n<p>Contamos o testemunho de tudo que passamos desde o transplante da J\u00fa, pois foi a\u00ed que iniciou a luta, ao recebermos a senten\u00e7a de n\u00e3o poder ter filhos, falamos de toda a trajet\u00f3ria e por fim apresentamos a nossa vit\u00f3ria, a nossa promessa, Isaac. <\/p>\n<p>Foi maravilhoso entregar nosso filho nas m\u00e3os do Ap\u00f3stolo Estavam para ser consagrado ao Senhor Jesus, momento marcante em nossa vida. <\/p>\n<p>H\u00e1, a fam\u00edlia tamb\u00e9m acompanhou pela TV, no canal da Rede Gospel, pois foi transmitido ao vivo. <\/p>\n<p>Enquanto est\u00e1vamos apresentando o Isaac, outro momento especial tamb\u00e9m acontecia na Vila Alpina, o batismo do primo Thauan, ele desceu as \u00e1guas no mesmo dia, quanta felicidade. <\/p>\n<p>Deus est\u00e1 fazendo a sua obra e sabemos que a cada dia teremos mais motivos para nos alegrar. <\/p>\n<p>Obrigado a todos que comentaram no Facebook e pelo carinho, voc\u00eas s\u00e3o demais. <\/p>\n<p>Abra\u00e7os.<\/p>\n","protected":false},"excerpt":{"rendered":"<p>Neste \u00faltimo domingo (20\/01\/13) foi muito especial, fomos ao culto das 19h para apresentarmos o nosso amado filho. Contamos o testemunho de tudo que passamos desde o transplante da J\u00fa,<\/p>\n","protected":false},"author":1,"featured_media":0,"comment_status":"closed","ping_status":"open","sticky":false,"template":"","format":"standard","meta":{"footnotes":""},"categories":[1,7],"tags":[],"_links":{"self":[{"href":"http:\/\/www.primogenito.com.br\/br\/wp-json\/wp\/v2\/posts\/243"}],"collection":[{"href":"http:\/\/www.primogenito.com.br\/br\/wp-json\/wp\/v2\/posts"}],"about":[{"href":"http:\/\/www.primogenito.com.br\/br\/wp-json\/wp\/v2\/types\/post"}],"author":[{"embeddable":true,"href":"http:\/\/www.primogenito.com.br\/br\/wp-json\/wp\/v2\/users\/1"}],"replies":[{"embeddable":true,"href":"http:\/\/www.primogenito.com.br\/br\/wp-json\/wp\/v2\/comments?post=243"}],"version-history":[{"count":2,"href":"http:\/\/www.primogenito.com.br\/br\/wp-json\/wp\/v2\/posts\/243\/revisions"}],"predecessor-version":[{"id":350,"href":"http:\/\/www.primogenito.com.br\/br\/wp-json\/wp\/v2\/posts\/243\/revisions\/350"}],"wp:attachment":[{"href":"http:\/\/www.primogenito.com.br\/br\/wp-json\/wp\/v2\/media?parent=243"}],"wp:term":[{"taxonomy":"category","embeddable":true,"href":"http:\/\/www.primogenito.com.br\/br\/wp-json\/wp\/v2\/categories?post=243"},{"taxonomy":"post_tag","embeddable":true,"href":"http:\/\/www.primogenito.com.br\/br\/wp-json\/wp\/v2\/tags?post=243"}],"curies":[{"name":"wp","href":"https:\/\/api.w.org\/{rel}","templated":true}]}}